{"id":11224,"date":"2025-03-13T20:43:36","date_gmt":"2025-03-13T19:43:36","guid":{"rendered":"https:\/\/patternhof.de\/?p=11224"},"modified":"2025-03-17T18:31:52","modified_gmt":"2025-03-17T17:31:52","slug":"gemeinsam-feiern-gemeinsam-wachsen-iftar-an-der-realschule-patternhof","status":"publish","type":"post","link":"https:\/\/patternhof.de\/?p=11224","title":{"rendered":"Gemeinsam feiern, gemeinsam wachsen \u2013 Iftar an der Realschule Patternhof"},"content":{"rendered":"\n<p>Am Montag,&nbsp;den&nbsp;10.&nbsp;M\u00e4rz&nbsp;2025, verwandelte sich die Mensa der Realschule Patternhof in einen Ort der Begegnung: Sch\u00fcler:innen,&nbsp;Lehrer:innen&nbsp;und G\u00e4ste kamen zum gemeinsamen Fastenbrechen (Iftar) zusammen.&nbsp;Nicht nur muslimische Sch\u00fcler:innen und Eltern luden ein, auch viele nicht-muslimische Jugendliche halfen mit, dekorierten, bereiteten Speisen vor und trugen zum Gelingen des Abends bei.<\/p>\n\n\n\n<figure class=\"wp-block-image size-full\"><img data-recalc-dims=\"1\" fetchpriority=\"high\" decoding=\"async\" width=\"990\" height=\"1011\" src=\"https:\/\/i0.wp.com\/patternhof.de\/wp-content\/uploads\/2025\/03\/image.jpeg?resize=990%2C1011&#038;ssl=1\" alt=\"\" class=\"wp-image-11225\" srcset=\"https:\/\/i0.wp.com\/patternhof.de\/wp-content\/uploads\/2025\/03\/image.jpeg?w=990&amp;ssl=1 990w, https:\/\/i0.wp.com\/patternhof.de\/wp-content\/uploads\/2025\/03\/image.jpeg?resize=294%2C300&amp;ssl=1 294w, https:\/\/i0.wp.com\/patternhof.de\/wp-content\/uploads\/2025\/03\/image.jpeg?resize=768%2C784&amp;ssl=1 768w\" sizes=\"(max-width: 990px) 100vw, 990px\" \/><\/figure>\n\n\n\n<p>Der Duft von k\u00f6stlichen Speisen erf\u00fcllte den Raum, Kerzen tauchten die Mensa in warmes Licht und eine Atmosph\u00e4re des Miteinanders entstand. Sara&nbsp;Al Shamary, Hafsa Aydin und Rojda Cicek (10e) erkl\u00e4rten in einem kurzen Vortrag die Bedeutung des Ramadans. Ein Moment der Stille und des Respekts erf\u00fcllte die Mensa, als Roudi Abdo (10c) den Adhan, den Gebetsruf, anstimmte, dann begann das gemeinsame Essen.<\/p>\n\n\n\n<figure class=\"wp-block-image size-large\"><img data-recalc-dims=\"1\" decoding=\"async\" width=\"866\" height=\"1024\" src=\"https:\/\/i0.wp.com\/patternhof.de\/wp-content\/uploads\/2025\/03\/image-1-866x1024.jpeg?resize=866%2C1024&#038;ssl=1\" alt=\"\" class=\"wp-image-11226\" srcset=\"https:\/\/i0.wp.com\/patternhof.de\/wp-content\/uploads\/2025\/03\/image-1.jpeg?resize=866%2C1024&amp;ssl=1 866w, https:\/\/i0.wp.com\/patternhof.de\/wp-content\/uploads\/2025\/03\/image-1.jpeg?resize=254%2C300&amp;ssl=1 254w, https:\/\/i0.wp.com\/patternhof.de\/wp-content\/uploads\/2025\/03\/image-1.jpeg?resize=768%2C908&amp;ssl=1 768w, https:\/\/i0.wp.com\/patternhof.de\/wp-content\/uploads\/2025\/03\/image-1.jpeg?resize=1299%2C1536&amp;ssl=1 1299w, https:\/\/i0.wp.com\/patternhof.de\/wp-content\/uploads\/2025\/03\/image-1.jpeg?w=1350&amp;ssl=1 1350w\" sizes=\"(max-width: 866px) 100vw, 866px\" \/><\/figure>\n\n\n\n<figure class=\"wp-block-image size-full\"><img data-recalc-dims=\"1\" decoding=\"async\" width=\"1023\" height=\"837\" src=\"https:\/\/i0.wp.com\/patternhof.de\/wp-content\/uploads\/2025\/03\/image-2.jpeg?resize=1023%2C837&#038;ssl=1\" alt=\"\" class=\"wp-image-11227\" srcset=\"https:\/\/i0.wp.com\/patternhof.de\/wp-content\/uploads\/2025\/03\/image-2.jpeg?w=1023&amp;ssl=1 1023w, https:\/\/i0.wp.com\/patternhof.de\/wp-content\/uploads\/2025\/03\/image-2.jpeg?resize=300%2C245&amp;ssl=1 300w, https:\/\/i0.wp.com\/patternhof.de\/wp-content\/uploads\/2025\/03\/image-2.jpeg?resize=768%2C628&amp;ssl=1 768w\" sizes=\"(max-width: 1000px) 100vw, 1000px\" \/><\/figure>\n\n\n\n<p><br>Schulleiter Herr Momma&nbsp;brachte seine Freude \u00fcber diese besondere Veranstaltung zum Ausdruck.&nbsp;Zahlreiche Lehrer:innen waren nicht nur als G\u00e4ste anwesend, sondern halfen auch tatkr\u00e4ftig mit und zeigten sich begeistert von der Atmosph\u00e4re des Abends. Auch das B\u00fcndnis f\u00fcr Demokratie \u201eMir stonn zusammen f\u00fcr Demokratie\u201c war vertreten. Dessen Vorsitzender Wilfried Schmitz unterstrich in einer eindringlichen Rede die Bedeutung von Vielfalt und betonte, dass gelebte Gemeinschaft und gegenseitiger Respekt der Schl\u00fcssel zu einem friedlichen Miteinander seien.<\/p>\n\n\n\n<p>Sch\u00fclersprecher Zuhad Khero (10a)&nbsp;fand bewegende Wort:<\/p>\n\n\n\n<p>\u201eEs liegt&nbsp;an uns, wie wir unser Zusammenleben gestalten. Egal ob jemand Muslim, Christ, Jude oder&nbsp;&#8211;&nbsp;wie ich&nbsp;&#8211; Jesideist:&nbsp;Wir alle haben die gleiche Verantwortung.\u201c<\/p>\n\n\n\n<p>Organisiert von&nbsp;Serife Yilmaz und Amin Amecrane,&nbsp;mit Unterst\u00fctzung vieler helfender Sch\u00fcler:innen und Lehrer:innen, wurde dieser Abend zu einem Symbol der Gemeinschaft.<\/p>\n\n\n\n<p>Ein Fest, das nicht trennt, sondern verbindet und das in Erinnerung bleibt.<\/p>\n\n\n\n<p><\/p>\n\n\n\n<p>Hier der Beitrag der Filmpost:<\/p>\n\n\n\n<p><a href=\"https:\/\/filmpost.de\/aktuell\/archiv\/2025\/fastenbrechen-an-der-realschule-patternhof.html\">https:\/\/filmpost.de\/aktuell\/archiv\/2025\/fastenbrechen-an-der-realschule-patternhof.html<\/a><\/p>\n\n\n\n<p><\/p>\n","protected":false},"excerpt":{"rendered":"<p>Am Montag,&nbsp;den&nbsp;10.&nbsp;M\u00e4rz&nbsp;2025, verwandelte sich die Mensa der Realschule Patternhof in einen Ort der Begegnung: Sch\u00fcler:innen,&nbsp;Lehrer:innen&nbsp;und G\u00e4ste kamen zum gemeinsamen Fastenbrechen (Iftar) zusammen.&nbsp;Nicht nur muslimische Sch\u00fcler:innen und Eltern luden ein, auch [&hellip;]<\/p>\n","protected":false},"author":6,"featured_media":0,"comment_status":"closed","ping_status":"closed","sticky":false,"template":"","format":"standard","meta":{"_eb_attr":"","_jetpack_memberships_contains_paid_content":false,"footnotes":""},"categories":[2],"tags":[],"class_list":["post-11224","post","type-post","status-publish","format-standard","hentry","category-allgemein"],"yoast_head":"<!-- This site is optimized with the Yoast SEO plugin v27.5 - https:\/\/yoast.com\/product\/yoast-seo-wordpress\/ -->\n<title>Gemeinsam feiern, gemeinsam wachsen \u2013 Iftar an der Realschule Patternhof | RSP<\/title>\n<meta name=\"robots\" content=\"index, follow, max-snippet:-1, max-image-preview:large, max-video-preview:-1\" \/>\n<link rel=\"canonical\" href=\"https:\/\/patternhof.de\/?p=11224\" \/>\n<meta property=\"og:locale\" content=\"de_DE\" \/>\n<meta property=\"og:type\" content=\"article\" \/>\n<meta property=\"og:title\" content=\"Gemeinsam feiern, gemeinsam wachsen \u2013 Iftar an der Realschule Patternhof | RSP\" \/>\n<meta property=\"og:description\" content=\"Am Montag,&nbsp;den&nbsp;10.&nbsp;M\u00e4rz&nbsp;2025, verwandelte sich die Mensa der Realschule Patternhof in einen Ort der Begegnung: Sch\u00fcler:innen,&nbsp;Lehrer:innen&nbsp;und G\u00e4ste kamen zum gemeinsamen Fastenbrechen (Iftar) zusammen.&nbsp;Nicht nur muslimische Sch\u00fcler:innen und Eltern luden ein, auch [&hellip;]\" \/>\n<meta property=\"og:url\" content=\"https:\/\/patternhof.de\/?p=11224\" \/>\n<meta property=\"og:site_name\" content=\"RSP\" \/>\n<meta property=\"article:published_time\" content=\"2025-03-13T19:43:36+00:00\" \/>\n<meta property=\"article:modified_time\" content=\"2025-03-17T17:31:52+00:00\" \/>\n<meta property=\"og:image\" content=\"https:\/\/patternhof.de\/wp-content\/uploads\/2025\/03\/image.jpeg\" \/>\n<meta name=\"author\" content=\"Realschule Patternhof\" \/>\n<meta name=\"twitter:card\" content=\"summary_large_image\" \/>\n<meta name=\"twitter:label1\" content=\"Verfasst von\" \/>\n\t<meta name=\"twitter:data1\" content=\"Realschule Patternhof\" \/>\n\t<meta name=\"twitter:label2\" content=\"Gesch\u00e4tzte Lesezeit\" \/>\n\t<meta name=\"twitter:data2\" content=\"3\u00a0Minuten\" \/>\n<script type=\"application\/ld+json\" class=\"yoast-schema-graph\">{\"@context\":\"https:\\\/\\\/schema.org\",\"@graph\":[{\"@type\":\"Article\",\"@id\":\"https:\\\/\\\/patternhof.de\\\/?p=11224#article\",\"isPartOf\":{\"@id\":\"https:\\\/\\\/patternhof.de\\\/?p=11224\"},\"author\":{\"name\":\"Realschule Patternhof\",\"@id\":\"https:\\\/\\\/patternhof.de\\\/#\\\/schema\\\/person\\\/20558257fec7b9efd368ff611b4b6f59\"},\"headline\":\"Gemeinsam feiern, gemeinsam wachsen \u2013 Iftar an der Realschule Patternhof\",\"datePublished\":\"2025-03-13T19:43:36+00:00\",\"dateModified\":\"2025-03-17T17:31:52+00:00\",\"mainEntityOfPage\":{\"@id\":\"https:\\\/\\\/patternhof.de\\\/?p=11224\"},\"wordCount\":320,\"publisher\":{\"@id\":\"https:\\\/\\\/patternhof.de\\\/#organization\"},\"image\":{\"@id\":\"https:\\\/\\\/patternhof.de\\\/?p=11224#primaryimage\"},\"thumbnailUrl\":\"https:\\\/\\\/patternhof.de\\\/wp-content\\\/uploads\\\/2025\\\/03\\\/image.jpeg\",\"inLanguage\":\"de\"},{\"@type\":\"WebPage\",\"@id\":\"https:\\\/\\\/patternhof.de\\\/?p=11224\",\"url\":\"https:\\\/\\\/patternhof.de\\\/?p=11224\",\"name\":\"Gemeinsam feiern, gemeinsam wachsen \u2013 Iftar an der Realschule Patternhof | RSP\",\"isPartOf\":{\"@id\":\"https:\\\/\\\/patternhof.de\\\/#website\"},\"primaryImageOfPage\":{\"@id\":\"https:\\\/\\\/patternhof.de\\\/?p=11224#primaryimage\"},\"image\":{\"@id\":\"https:\\\/\\\/patternhof.de\\\/?p=11224#primaryimage\"},\"thumbnailUrl\":\"https:\\\/\\\/patternhof.de\\\/wp-content\\\/uploads\\\/2025\\\/03\\\/image.jpeg\",\"datePublished\":\"2025-03-13T19:43:36+00:00\",\"dateModified\":\"2025-03-17T17:31:52+00:00\",\"breadcrumb\":{\"@id\":\"https:\\\/\\\/patternhof.de\\\/?p=11224#breadcrumb\"},\"inLanguage\":\"de\",\"potentialAction\":[{\"@type\":\"ReadAction\",\"target\":[\"https:\\\/\\\/patternhof.de\\\/?p=11224\"]}]},{\"@type\":\"ImageObject\",\"inLanguage\":\"de\",\"@id\":\"https:\\\/\\\/patternhof.de\\\/?p=11224#primaryimage\",\"url\":\"https:\\\/\\\/patternhof.de\\\/wp-content\\\/uploads\\\/2025\\\/03\\\/image.jpeg\",\"contentUrl\":\"https:\\\/\\\/patternhof.de\\\/wp-content\\\/uploads\\\/2025\\\/03\\\/image.jpeg\"},{\"@type\":\"BreadcrumbList\",\"@id\":\"https:\\\/\\\/patternhof.de\\\/?p=11224#breadcrumb\",\"itemListElement\":[{\"@type\":\"ListItem\",\"position\":1,\"name\":\"Startseite\",\"item\":\"https:\\\/\\\/patternhof.de\\\/\"},{\"@type\":\"ListItem\",\"position\":2,\"name\":\"Gemeinsam feiern, gemeinsam wachsen \u2013 Iftar an der Realschule Patternhof\"}]},{\"@type\":\"WebSite\",\"@id\":\"https:\\\/\\\/patternhof.de\\\/#website\",\"url\":\"https:\\\/\\\/patternhof.de\\\/\",\"name\":\"RSP\",\"description\":\"Realschule Patternhof\",\"publisher\":{\"@id\":\"https:\\\/\\\/patternhof.de\\\/#organization\"},\"potentialAction\":[{\"@type\":\"SearchAction\",\"target\":{\"@type\":\"EntryPoint\",\"urlTemplate\":\"https:\\\/\\\/patternhof.de\\\/?s={search_term_string}\"},\"query-input\":{\"@type\":\"PropertyValueSpecification\",\"valueRequired\":true,\"valueName\":\"search_term_string\"}}],\"inLanguage\":\"de\"},{\"@type\":\"Organization\",\"@id\":\"https:\\\/\\\/patternhof.de\\\/#organization\",\"name\":\"RSP\",\"url\":\"https:\\\/\\\/patternhof.de\\\/\",\"logo\":{\"@type\":\"ImageObject\",\"inLanguage\":\"de\",\"@id\":\"https:\\\/\\\/patternhof.de\\\/#\\\/schema\\\/logo\\\/image\\\/\",\"url\":\"https:\\\/\\\/i0.wp.com\\\/patternhof.de\\\/wp-content\\\/uploads\\\/2024\\\/11\\\/cropped-462d7d81-a052-4d12-af5f-728c2558fd5b.png?fit=1975%2C890&ssl=1\",\"contentUrl\":\"https:\\\/\\\/i0.wp.com\\\/patternhof.de\\\/wp-content\\\/uploads\\\/2024\\\/11\\\/cropped-462d7d81-a052-4d12-af5f-728c2558fd5b.png?fit=1975%2C890&ssl=1\",\"width\":1975,\"height\":890,\"caption\":\"RSP\"},\"image\":{\"@id\":\"https:\\\/\\\/patternhof.de\\\/#\\\/schema\\\/logo\\\/image\\\/\"}},{\"@type\":\"Person\",\"@id\":\"https:\\\/\\\/patternhof.de\\\/#\\\/schema\\\/person\\\/20558257fec7b9efd368ff611b4b6f59\",\"name\":\"Realschule Patternhof\",\"image\":{\"@type\":\"ImageObject\",\"inLanguage\":\"de\",\"@id\":\"https:\\\/\\\/secure.gravatar.com\\\/avatar\\\/5d6b8a9fc7931b0c35c4beb27c088e345d787d2d9c36e03ac6dc15c365a99e12?s=96&d=mm&r=g\",\"url\":\"https:\\\/\\\/secure.gravatar.com\\\/avatar\\\/5d6b8a9fc7931b0c35c4beb27c088e345d787d2d9c36e03ac6dc15c365a99e12?s=96&d=mm&r=g\",\"contentUrl\":\"https:\\\/\\\/secure.gravatar.com\\\/avatar\\\/5d6b8a9fc7931b0c35c4beb27c088e345d787d2d9c36e03ac6dc15c365a99e12?s=96&d=mm&r=g\",\"caption\":\"Realschule Patternhof\"},\"url\":\"https:\\\/\\\/patternhof.de\\\/?author=6\"}]}<\/script>\n<!-- \/ Yoast SEO plugin. -->","yoast_head_json":{"title":"Gemeinsam feiern, gemeinsam wachsen \u2013 Iftar an der Realschule Patternhof | RSP","robots":{"index":"index","follow":"follow","max-snippet":"max-snippet:-1","max-image-preview":"max-image-preview:large","max-video-preview":"max-video-preview:-1"},"canonical":"https:\/\/patternhof.de\/?p=11224","og_locale":"de_DE","og_type":"article","og_title":"Gemeinsam feiern, gemeinsam wachsen \u2013 Iftar an der Realschule Patternhof | RSP","og_description":"Am Montag,&nbsp;den&nbsp;10.&nbsp;M\u00e4rz&nbsp;2025, verwandelte sich die Mensa der Realschule Patternhof in einen Ort der Begegnung: Sch\u00fcler:innen,&nbsp;Lehrer:innen&nbsp;und G\u00e4ste kamen zum gemeinsamen Fastenbrechen (Iftar) zusammen.&nbsp;Nicht nur muslimische Sch\u00fcler:innen und Eltern luden ein, auch [&hellip;]","og_url":"https:\/\/patternhof.de\/?p=11224","og_site_name":"RSP","article_published_time":"2025-03-13T19:43:36+00:00","article_modified_time":"2025-03-17T17:31:52+00:00","og_image":[{"url":"https:\/\/patternhof.de\/wp-content\/uploads\/2025\/03\/image.jpeg","type":"","width":"","height":""}],"author":"Realschule Patternhof","twitter_card":"summary_large_image","twitter_misc":{"Verfasst von":"Realschule Patternhof","Gesch\u00e4tzte Lesezeit":"3\u00a0Minuten"},"schema":{"@context":"https:\/\/schema.org","@graph":[{"@type":"Article","@id":"https:\/\/patternhof.de\/?p=11224#article","isPartOf":{"@id":"https:\/\/patternhof.de\/?p=11224"},"author":{"name":"Realschule Patternhof","@id":"https:\/\/patternhof.de\/#\/schema\/person\/20558257fec7b9efd368ff611b4b6f59"},"headline":"Gemeinsam feiern, gemeinsam wachsen \u2013 Iftar an der Realschule Patternhof","datePublished":"2025-03-13T19:43:36+00:00","dateModified":"2025-03-17T17:31:52+00:00","mainEntityOfPage":{"@id":"https:\/\/patternhof.de\/?p=11224"},"wordCount":320,"publisher":{"@id":"https:\/\/patternhof.de\/#organization"},"image":{"@id":"https:\/\/patternhof.de\/?p=11224#primaryimage"},"thumbnailUrl":"https:\/\/patternhof.de\/wp-content\/uploads\/2025\/03\/image.jpeg","inLanguage":"de"},{"@type":"WebPage","@id":"https:\/\/patternhof.de\/?p=11224","url":"https:\/\/patternhof.de\/?p=11224","name":"Gemeinsam feiern, gemeinsam wachsen \u2013 Iftar an der Realschule Patternhof | RSP","isPartOf":{"@id":"https:\/\/patternhof.de\/#website"},"primaryImageOfPage":{"@id":"https:\/\/patternhof.de\/?p=11224#primaryimage"},"image":{"@id":"https:\/\/patternhof.de\/?p=11224#primaryimage"},"thumbnailUrl":"https:\/\/patternhof.de\/wp-content\/uploads\/2025\/03\/image.jpeg","datePublished":"2025-03-13T19:43:36+00:00","dateModified":"2025-03-17T17:31:52+00:00","breadcrumb":{"@id":"https:\/\/patternhof.de\/?p=11224#breadcrumb"},"inLanguage":"de","potentialAction":[{"@type":"ReadAction","target":["https:\/\/patternhof.de\/?p=11224"]}]},{"@type":"ImageObject","inLanguage":"de","@id":"https:\/\/patternhof.de\/?p=11224#primaryimage","url":"https:\/\/patternhof.de\/wp-content\/uploads\/2025\/03\/image.jpeg","contentUrl":"https:\/\/patternhof.de\/wp-content\/uploads\/2025\/03\/image.jpeg"},{"@type":"BreadcrumbList","@id":"https:\/\/patternhof.de\/?p=11224#breadcrumb","itemListElement":[{"@type":"ListItem","position":1,"name":"Startseite","item":"https:\/\/patternhof.de\/"},{"@type":"ListItem","position":2,"name":"Gemeinsam feiern, gemeinsam wachsen \u2013 Iftar an der Realschule Patternhof"}]},{"@type":"WebSite","@id":"https:\/\/patternhof.de\/#website","url":"https:\/\/patternhof.de\/","name":"RSP","description":"Realschule Patternhof","publisher":{"@id":"https:\/\/patternhof.de\/#organization"},"potentialAction":[{"@type":"SearchAction","target":{"@type":"EntryPoint","urlTemplate":"https:\/\/patternhof.de\/?s={search_term_string}"},"query-input":{"@type":"PropertyValueSpecification","valueRequired":true,"valueName":"search_term_string"}}],"inLanguage":"de"},{"@type":"Organization","@id":"https:\/\/patternhof.de\/#organization","name":"RSP","url":"https:\/\/patternhof.de\/","logo":{"@type":"ImageObject","inLanguage":"de","@id":"https:\/\/patternhof.de\/#\/schema\/logo\/image\/","url":"https:\/\/i0.wp.com\/patternhof.de\/wp-content\/uploads\/2024\/11\/cropped-462d7d81-a052-4d12-af5f-728c2558fd5b.png?fit=1975%2C890&ssl=1","contentUrl":"https:\/\/i0.wp.com\/patternhof.de\/wp-content\/uploads\/2024\/11\/cropped-462d7d81-a052-4d12-af5f-728c2558fd5b.png?fit=1975%2C890&ssl=1","width":1975,"height":890,"caption":"RSP"},"image":{"@id":"https:\/\/patternhof.de\/#\/schema\/logo\/image\/"}},{"@type":"Person","@id":"https:\/\/patternhof.de\/#\/schema\/person\/20558257fec7b9efd368ff611b4b6f59","name":"Realschule Patternhof","image":{"@type":"ImageObject","inLanguage":"de","@id":"https:\/\/secure.gravatar.com\/avatar\/5d6b8a9fc7931b0c35c4beb27c088e345d787d2d9c36e03ac6dc15c365a99e12?s=96&d=mm&r=g","url":"https:\/\/secure.gravatar.com\/avatar\/5d6b8a9fc7931b0c35c4beb27c088e345d787d2d9c36e03ac6dc15c365a99e12?s=96&d=mm&r=g","contentUrl":"https:\/\/secure.gravatar.com\/avatar\/5d6b8a9fc7931b0c35c4beb27c088e345d787d2d9c36e03ac6dc15c365a99e12?s=96&d=mm&r=g","caption":"Realschule Patternhof"},"url":"https:\/\/patternhof.de\/?author=6"}]}},"jetpack_featured_media_url":"","jetpack_sharing_enabled":true,"_links":{"self":[{"href":"https:\/\/patternhof.de\/index.php?rest_route=\/wp\/v2\/posts\/11224","targetHints":{"allow":["GET"]}}],"collection":[{"href":"https:\/\/patternhof.de\/index.php?rest_route=\/wp\/v2\/posts"}],"about":[{"href":"https:\/\/patternhof.de\/index.php?rest_route=\/wp\/v2\/types\/post"}],"author":[{"embeddable":true,"href":"https:\/\/patternhof.de\/index.php?rest_route=\/wp\/v2\/users\/6"}],"replies":[{"embeddable":true,"href":"https:\/\/patternhof.de\/index.php?rest_route=%2Fwp%2Fv2%2Fcomments&post=11224"}],"version-history":[{"count":3,"href":"https:\/\/patternhof.de\/index.php?rest_route=\/wp\/v2\/posts\/11224\/revisions"}],"predecessor-version":[{"id":11231,"href":"https:\/\/patternhof.de\/index.php?rest_route=\/wp\/v2\/posts\/11224\/revisions\/11231"}],"wp:attachment":[{"href":"https:\/\/patternhof.de\/index.php?rest_route=%2Fwp%2Fv2%2Fmedia&parent=11224"}],"wp:term":[{"taxonomy":"category","embeddable":true,"href":"https:\/\/patternhof.de\/index.php?rest_route=%2Fwp%2Fv2%2Fcategories&post=11224"},{"taxonomy":"post_tag","embeddable":true,"href":"https:\/\/patternhof.de\/index.php?rest_route=%2Fwp%2Fv2%2Ftags&post=11224"}],"curies":[{"name":"wp","href":"https:\/\/api.w.org\/{rel}","templated":true}]}}